{"id":1877,"date":"2024-08-30T09:59:27","date_gmt":"2024-08-30T09:59:27","guid":{"rendered":"https:\/\/bitcoinnewscrypto.com\/tr\/?p=1877"},"modified":"2024-08-30T09:59:27","modified_gmt":"2024-08-30T09:59:27","slug":"nayib-bukele-el-salvador-transformation","status":"publish","type":"post","link":"https:\/\/bitcoinnewscrypto.com\/tr\/news\/bitcoin\/nayib-bukele-el-salvador-transformation\/","title":{"rendered":"Nayib Bukele Transformed El Salvador: The Rise of a Great Leader"},"content":{"rendered":"<h3 class=\"wp-block-heading\">Nayib Bukele: El Salvador Cumhurba\u015fkan\u0131&#8217;n\u0131n Hikayesi<\/h3>\n\n<p>D\u00fcnyan\u0131n en pop\u00fcler liderlerinden biri haline gelmeden \u00f6nce, <strong>Nayib Bukele<\/strong> reklamc\u0131l\u0131k i\u015findeydi. \u015eimdi, <strong>El Salvador Cumhurba\u015fkan\u0131<\/strong> olarak Bukele, kendisini &#8220;d\u00fcnyan\u0131n en haval\u0131 diktat\u00f6r\u00fc&#8221; ve &#8220;filozof kral&#8221; olarak nitelendirmesiyle tan\u0131n\u0131yor. Ancak, her \u015feyden \u00e7ok kendisi \u00fclkesinin ve kendi imaj\u0131n\u0131n g\u00fcc\u00fcn\u00fc anlayan eski bir reklamc\u0131d\u0131r.<\/p>\n\n<h4 class=\"wp-block-heading\">Nayib Bukele&#8217;nin Y\u00fckseli\u015fi<\/h4>\n\n<p>Haziran ay\u0131nda, <strong>San Salvador<\/strong>&#8216;daki ba\u015fkanl\u0131k ofisinde, Bukele \u00fc\u00e7 y\u0131l i\u00e7inde ilk kez yabanc\u0131 bir gazeteciye r\u00f6portaj verdi. Siyah giyinmi\u015fti ve konu\u015furken, rengarenk tavus ku\u015flar\u0131 d\u0131\u015far\u0131da dola\u015f\u0131yordu. &#8220;Bir lider bir kral olmadan \u00f6nce filozof olmal\u0131d\u0131r,&#8221; dedi Bukele, sandalyesine yaslanarak.<\/p>\n\n<p>Bukele, <strong>El Salvador<\/strong>&#8216;u d\u00f6n\u00fc\u015ft\u00fcrerek kendine bir isim yapt\u0131. Hen\u00fcz 43 ya\u015f\u0131nda iken, bir zamanlar d\u00fcnya cinayet ba\u015fkenti olarak bilinen bir \u00fclkeyi, Salvador h\u00fck\u00fcmet verilerine g\u00f6re Kanada&#8217;dan daha g\u00fcvenli bir \u00fclke haline getirdi. Onun <strong>sert<\/strong> politikas\u0131, sonucunda 81.000 ki\u015finin tutuklanmas\u0131 ve cinayetlerde \u00f6nemli bir d\u00fc\u015f\u00fc\u015f ya\u015fanmas\u0131yla, \u00e7eteler \u00fczerinde sert bir bask\u0131ya yol a\u00e7t\u0131. Bug\u00fcn, Salvadorlular bir zamanlar \u00e7etelerin kontrol etti\u011fi b\u00f6lgelerde \u00f6zg\u00fcrce dola\u015fabilir, parklar\u0131n ve gece hayat\u0131n\u0131n tad\u0131n\u0131 \u00e7\u0131karabilir.<\/p>\n\n<p>El Salvador art\u0131k kendini &#8220;s\u00f6rf, volkanlar ve kahve \u00fclkesi&#8221; olarak tan\u0131tarak, Miss Universe yar\u0131\u015fmas\u0131 gibi etkinliklere ev sahipli\u011fi yapmakta ve <strong>Bitcoin Sahili<\/strong> gibi k\u0131y\u0131 b\u00f6lgelerine turistleri ve <strong>kripto para birimi<\/strong> merakl\u0131lar\u0131n\u0131 \u00e7ekmektedir. Bukele&#8217;nin \u00fclkeyi d\u00f6n\u00fc\u015ft\u00fcrmesi, yeniden se\u00e7ilmesini kolayca kazanmas\u0131na yard\u0131mc\u0131 oldu ve onay oranlar\u0131 \u015fu anda bir CID Gallup anketine g\u00f6re %90&#8217;\u0131n \u00fczerinde.<\/p>\n\n<h4 class=\"wp-block-heading\">Bukele&#8217;nin Tart\u0131\u015fmal\u0131 Y\u00f6netimi<\/h4>\n\n<p>Pop\u00fclaritesine ra\u011fmen, <strong>Bukele<\/strong> anayasal ve yasal s\u0131n\u0131rlar\u0131 hi\u00e7e sayd\u0131\u011f\u0131 i\u00e7in ele\u015ftirilerle kar\u015f\u0131 kar\u015f\u0131ya kald\u0131. 2022&#8217;den bu yana, usul\u00fcne uygun yarg\u0131lama da dahil olmak \u00fczere temel medeni \u00f6zg\u00fcrl\u00fckleri ask\u0131ya alan ola\u011fan\u00fcst\u00fc hal yetkileri alt\u0131nda h\u00fck\u00fcm s\u00fcr\u00fcyor. G\u00fcvenlik rejimi, 12 ya\u015f\u0131ndan k\u00fc\u00e7\u00fckler i\u00e7in bile tutuklamaya emir vermeksizin izin veriyor ve \u015f\u00fcpheliler i\u00e7in toplu yarg\u0131lamalar yap\u0131yor. Bug\u00fcn her 57 Salvadorludan biri hapiste ve bu da El Salvador&#8217;a, Amerika Birle\u015fik Devletleri&#8217;nden bile daha y\u00fcksek olan, d\u00fcnyan\u0131n en y\u00fcksek hapsetme oran\u0131n\u0131 veriyor.<\/p>\n\n<p>Bukele&#8217;nin h\u00fck\u00fcmeti ayr\u0131ca \u00fcst d\u00fczey yarg\u0131\u00e7lar\u0131 g\u00f6revden ald\u0131 ve onlar\u0131 sad\u0131k ki\u015filerle de\u011fi\u015ftirdi; bu da onun anayasal yasa\u011f\u0131 a\u015fmas\u0131na ve ba\u015far\u0131l\u0131 bir \u015fekilde ikinci bir d\u00f6nem i\u00e7in aday olmas\u0131na olanak tan\u0131d\u0131. Y\u00f6netimi, keyfi g\u00f6zalt\u0131lar, zorla kaybetmeler ve i\u015fkence de dahil olmak \u00fczere <strong>insan haklar\u0131 ihlalleriyle<\/strong> su\u00e7land\u0131. Yine de Bukele bu ele\u015ftirileri, bunlar\u0131n \u00fclkenin 6 milyon insan\u0131n\u0131n g\u00fcvenli\u011fi i\u00e7in \u00f6denmesi gereken k\u00fc\u00e7\u00fck bir bedel oldu\u011funu iddia ederek reddediyor.<\/p>\n\n<h4 class=\"wp-block-heading\">Bukele Mucizesi ve Etkisi<\/h4>\n\n<p>El Salvador&#8217;daki bir\u00e7ok ki\u015fi <strong>Bukele<\/strong>&#8216;yi bir zamanlar tehlikeli olan bir \u00fclkeye g\u00fcvenlik ve istikrar getiren vizyoner bir lider olarak g\u00f6r\u00fcyor. Onun y\u00f6ntemleri onu, &#8220;el milagro Bukele&#8221; -Bukele mucizesi- ad\u0131n\u0131 verdikleri \u015feyi kopyalamaya hevesli di\u011fer Latin Amerika liderleri i\u00e7in bir rol model haline getirdi. Ancak, politikalar\u0131n\u0131n uzun vadeli s\u00fcrd\u00fcr\u00fclebilirli\u011fi konusunda endi\u015feler var.<\/p>\n\n<p>\u00c7o\u011fu Salvadorlu \u00fclkedeki mevcut demokrasi durumundan memnun olsa da, %61&#8217;i Latinobar\u00f3metro taraf\u0131ndan yap\u0131lan bir ara\u015ft\u0131rmaya g\u00f6re sorunlar\u0131 hakk\u0131nda konu\u015fmaktan korktuklar\u0131n\u0131 s\u00f6yl\u00fcyor. <strong>Ele\u015ftirmenler<\/strong>, Bukele&#8217;nin kamuoyunu nas\u0131l y\u00f6nlendirece\u011fini bilen sosyal medya konusunda bilgili bir <strong>g\u00fc\u00e7l\u00fc adam<\/strong> oldu\u011funu savunuyor. Ayr\u0131ca onun g\u00fcvenlik konusundaki oda\u011f\u0131n\u0131n, yoksulluk ve d\u0131\u015f yat\u0131r\u0131m gibi ekonomik zorluklar daha da aciliyet kazand\u0131\u011f\u0131nda de\u011fi\u015febilece\u011finden endi\u015fe ediyorlar.<\/p>\n\n<h4 class=\"wp-block-heading\">Bukele&#8217;nin Ba\u015fkanl\u0131k Yolculu\u011fu<\/h4>\n\n<p><strong>Nayib Bukele<\/strong>, <strong>San Salvador<\/strong>&#8216;da do\u011fdu ve zengin bir ailede on \u00e7ocu\u011fun biri olarak b\u00fcy\u00fcd\u00fc. Babas\u0131 Armando Bukele Katt\u00e1n, Filistin k\u00f6kenli ba\u015far\u0131l\u0131 bir i\u015f adam\u0131 ve imamd\u0131. Bukele \u00f6zel bir okula gitti ve 1980&#8217;lerde El Salvador&#8217;u harap eden i\u00e7 sava\u015ftan korundu.<\/p>\n\n<p>Bukele bir s\u00fcreli\u011fine avukat olmak i\u00e7in \u00fcniversiteye gitti ancak bir gece kul\u00fcb\u00fc, bir Yamaha bayili\u011fi ve bir siyasi reklam \u015firketi i\u015fletmek i\u00e7in okulu b\u0131rakt\u0131. 2012&#8217;de ba\u015fkentin yak\u0131n\u0131ndaki k\u00fc\u00e7\u00fck bir kasaba olan <strong>Nuevo Cuscatl\u00e1n<\/strong>&#8216;\u0131n belediye ba\u015fkanl\u0131\u011f\u0131na aday olmaya karar verdi. Kampanyas\u0131, kasabay\u0131 kalk\u0131nman\u0131n modern bir modeli haline getirme s\u00f6z\u00fc verdi ve yenilik\u00e7i fikirleri ve sosyal medya varl\u0131\u011f\u0131yla h\u0131zla pop\u00fclerlik kazand\u0131.<\/p>\n\n<p>2015 y\u0131l\u0131nda Bukele, San Salvador belediye ba\u015fkanl\u0131\u011f\u0131na aday oldu ve kazand\u0131. G\u00f6steri\u015fli bir pazar in\u015fa etmek ve su\u00e7la sava\u015fmak i\u00e7in \u015fehrin her k\u00f6\u015fesine \u0131\u015f\u0131klar takmak gibi b\u00fcy\u00fck kamu projelerini tan\u0131tmaya devam etti. <strong>Sosyal medya<\/strong> stratejisi onu g\u00f6revdeki ba\u015fkandan daha pop\u00fcler hale getirdi ve genellikle rahat k\u0131yafetler ve ters beyzbol \u015fapkas\u0131 takan modern bir sayg\u0131s\u0131zl\u0131k imaj\u0131 yaratt\u0131.<\/p>\n\n<h4 class=\"wp-block-heading\">Bukele&#8217;nin Gelenekle Kopu\u015fu<\/h4>\n\n<p>2017&#8217;de <strong>Bukele<\/strong> bir zamanlar onu destekleyen sol<\/p>","protected":false},"excerpt":{"rendered":"<p>Nayib Bukele: El Salvador Cumhurba\u015fkan\u0131&#8217;n\u0131n Hikayesi D\u00fcnyan\u0131n en pop\u00fcler liderlerinden biri haline gelmeden \u00f6nce, Nayib Bukele reklamc\u0131l\u0131k i\u015findeydi. \u015eimdi, El Salvador Cumhurba\u015fkan\u0131 olarak Bukele, kendisini &#8220;d\u00fcnyan\u0131n en haval\u0131 diktat\u00f6r\u00fc&#8221; ve&hellip;<\/p>\n","protected":false},"author":2,"featured_media":1878,"comment_status":"closed","ping_status":"","sticky":false,"template":"","format":"standard","meta":{"footnotes":""},"categories":[4],"tags":[],"class_list":["post-1877","post","type-post","status-publish","format-standard","has-post-thumbnail","hentry","category-bitcoin"],"_links":{"self":[{"href":"https:\/\/bitcoinnewscrypto.com\/tr\/wp-json\/wp\/v2\/posts\/1877","targetHints":{"allow":["GET"]}}],"collection":[{"href":"https:\/\/bitcoinnewscrypto.com\/tr\/wp-json\/wp\/v2\/posts"}],"about":[{"href":"https:\/\/bitcoinnewscrypto.com\/tr\/wp-json\/wp\/v2\/types\/post"}],"author":[{"embeddable":true,"href":"https:\/\/bitcoinnewscrypto.com\/tr\/wp-json\/wp\/v2\/users\/2"}],"replies":[{"embeddable":true,"href":"https:\/\/bitcoinnewscrypto.com\/tr\/wp-json\/wp\/v2\/comments?post=1877"}],"version-history":[{"count":1,"href":"https:\/\/bitcoinnewscrypto.com\/tr\/wp-json\/wp\/v2\/posts\/1877\/revisions"}],"predecessor-version":[{"id":1879,"href":"https:\/\/bitcoinnewscrypto.com\/tr\/wp-json\/wp\/v2\/posts\/1877\/revisions\/1879"}],"wp:featuredmedia":[{"embeddable":true,"href":"https:\/\/bitcoinnewscrypto.com\/tr\/wp-json\/wp\/v2\/media\/1878"}],"wp:attachment":[{"href":"https:\/\/bitcoinnewscrypto.com\/tr\/wp-json\/wp\/v2\/media?parent=1877"}],"wp:term":[{"taxonomy":"category","embeddable":true,"href":"https:\/\/bitcoinnewscrypto.com\/tr\/wp-json\/wp\/v2\/categories?post=1877"},{"taxonomy":"post_tag","embeddable":true,"href":"https:\/\/bitcoinnewscrypto.com\/tr\/wp-json\/wp\/v2\/tags?post=1877"}],"curies":[{"name":"wp","href":"https:\/\/api.w.org\/{rel}","templated":true}]}}