{"id":1564,"date":"2024-07-26T13:38:29","date_gmt":"2024-07-26T13:38:29","guid":{"rendered":"https:\/\/bitcoinnewscrypto.com\/tr\/?p=1564"},"modified":"2024-07-26T13:38:29","modified_gmt":"2024-07-26T13:38:29","slug":"eu-plans-comprehensive-asset-register-by-2025-privacy-concerns-rise","status":"publish","type":"post","link":"https:\/\/bitcoinnewscrypto.com\/tr\/news\/eu-plans-comprehensive-asset-register-by-2025-privacy-concerns-rise\/","title":{"rendered":"AB 2025&#8217;ten \u0130tibaren Kapsaml\u0131 Varl\u0131k Kayd\u0131 Planl\u0131yor: Vatanda\u015flar\u0131n Mahremiyetine B\u00fcy\u00fck M\u00fcdahaleler"},"content":{"rendered":"<h3 class=\"wp-block-heading\">AB, 2025&#8217;ten itibaren kapsaml\u0131 bir varl\u0131k kayd\u0131 planl\u0131yor: Vatanda\u015flar\u0131n gizlili\u011fine kitlesel m\u00fcdahaleler<\/h3>\n\n<p>Avrupa Birli\u011fi, 2025 y\u0131l\u0131nda ba\u015flayabilecek bir varl\u0131k kayd\u0131 olu\u015fturmay\u0131 planl\u0131yor. Bu kay\u0131t resmi olarak kara para aklamay\u0131 ve ter\u00f6rizmin finansman\u0131n\u0131 \u00f6nlemeyi ama\u00e7lamaktad\u0131r. Ancak ele\u015ftirmenler, bunun vatanda\u015flar\u0131n mahremiyetine b\u00fcy\u00fck \u00f6l\u00e7\u00fcde m\u00fcdahale edebilece\u011fini ve herkesi yetkililer taraf\u0131ndan daha \u015feffaf hale getirebilece\u011fini savunuyor.<\/p>\n\n<h3 class=\"wp-block-heading\">Kapsaml\u0131 Bir Kontrol ve \u0130zleme Sistemi<\/h3>\n\n<p>AB, 2021&#8217;den bu yana varl\u0131klar\u0131 ve sahiplerini merkezi olarak kaydetmek \u00fczere planlar \u00fczerinde \u00e7al\u0131\u015f\u0131yor. G\u00f6r\u00fcn\u00fc\u015fe g\u00f6re bu planlar \u015fimdi ger\u00e7e\u011fe d\u00f6n\u00fc\u015fmeye yak\u0131n. Kara para aklamay\u0131 ve ter\u00f6rizmin finansman\u0131n\u0131 \u00f6nleme bahanesiyle, benzeri g\u00f6r\u00fclmemi\u015f bir kontrol ve izleme sistemi kuruluyor. Bu sistem, vatanda\u015flar\u0131n t\u00fcm finansal i\u015flemlerini ve varl\u0131klar\u0131n\u0131 yetkililer taraf\u0131ndan eri\u015filebilir hale getirecek.<\/p>\n\n<p>Kay\u0131t, 200.000 Euro&#8217;nun \u00fczerindeki t\u00fcm varl\u0131klar\u0131 kaydedecektir. Bunlar aras\u0131nda gayrimenkuller, banka hesaplar\u0131, menkul k\u0131ymetler, yabanc\u0131 varl\u0131klar, kripto varl\u0131klar, ara\u00e7lar ve muhtemelen sanat eserleri veya k\u0131ymetli metaller de yer almaktad\u0131r. Ele\u015ftirmenler, 200.000 Euro&#8217;luk s\u0131n\u0131r\u0131n daha fazla vatanda\u015f\u0131 ve \u00f6zel finansal bilgilerini i\u00e7erecek \u015fekilde d\u00fc\u015f\u00fcr\u00fclmesinden endi\u015fe duyuyor.<\/p>\n\n<h3 class=\"wp-block-heading\">Yetkililer ve &#8220;Me\u015fru Menfaatleri Olan Ki\u015filer&#8221; \u0130\u00e7in Eri\u015fim<\/h3>\n\n<p>Varl\u0131k kayd\u0131na yaln\u0131zca yetkililer de\u011fil, ayn\u0131 zamanda &#8220;me\u015fru menfaatleri olan ki\u015filer&#8221; de eri\u015febilecek. Bunlar aras\u0131nda gazeteciler, muhabirler, di\u011fer medya kurulu\u015flar\u0131, sivil toplum kurulu\u015flar\u0131 ve y\u00fcksek \u00f6\u011fretim kurumlar\u0131 bulunmaktad\u0131r. Ele\u015ftirmenler, bunun vatanda\u015flar\u0131n gizlili\u011fine \u00f6nemli bir sald\u0131r\u0131 oldu\u011funa ve k\u00f6t\u00fcye kullan\u0131m ve veri s\u0131z\u0131nt\u0131lar\u0131na yol a\u00e7abilece\u011fine inan\u0131yor.<\/p>\n\n<h3 class=\"wp-block-heading\">Di\u011fer \u0130zleme \u00d6nlemleri<\/h3>\n\n<p>AB, nakit i\u015flemleri 10.000 Euro ile s\u0131n\u0131rlaman\u0131n ve bir varl\u0131k kayd\u0131 olu\u015fturman\u0131n yan\u0131 s\u0131ra kara para aklamay\u0131 ve ter\u00f6rizmin finansman\u0131n\u0131 \u00f6nlemek i\u00e7in daha fazla \u00f6nlem ald\u0131. Bunlardan biri de yeni bir Kara Para Aklamayla M\u00fccadele Otoritesi (AMLA) kurmakt\u0131r. AMLA, Frankfurt am Main&#8217;de bulunacak ve 2025 y\u0131l\u0131n\u0131n ortalar\u0131nda faaliyete ge\u00e7mesi planlan\u0131yor. Bu otorite geni\u015f yetkilere sahip olacak ve do\u011frudan 40&#8217;a kadar finans kurumunu denetleyecek.<\/p>\n\n<h3 class=\"wp-block-heading\">Merkezi Bir Bildirim Sisteminin Getirilmesi<\/h3>\n\n<p>Kara para aklamay\u0131 ve ter\u00f6rizmin finansman\u0131n\u0131 \u00f6nlemek i\u00e7in AB&#8217;nin her \u00fcye devleti bir mali istihbarat birimi (FIU) kurmal\u0131d\u0131r. Bu birimler, kendi aralar\u0131nda ve ilgili makamlarla bilgi al\u0131\u015fveri\u015finde bulunacak ve Europol, Eurojust ve Avrupa Savc\u0131l\u0131\u011f\u0131 ile i\u015fbirli\u011fi yapacaklard\u0131r. AMLA, FIU&#8217;lar\u0131 denetleme ve koordine etmekten sorumlu olacakt\u0131r.<\/p>\n\n<h3 class=\"wp-block-heading\">Zenginli\u011fin Yeniden Da\u011f\u0131t\u0131lmas\u0131 ve M\u00fclks\u00fczle\u015ftirme Tehlikesi<\/h3>\n\n<p>Varl\u0131k kayd\u0131, zenginli\u011fin yeniden da\u011f\u0131t\u0131lmas\u0131 ve servet vergisi gibi vergi art\u0131\u015flar\u0131 i\u00e7in kullan\u0131labilecek ayr\u0131nt\u0131l\u0131 varl\u0131k kayd\u0131 ve de\u011ferlemesine olanak sa\u011flayacakt\u0131r. Ayr\u0131ca, b\u00fcy\u00fck ekonomik krizlerden sonra mali y\u00fcklerin adil da\u011f\u0131l\u0131m\u0131n\u0131 sa\u011flamay\u0131 ama\u00e7layan Y\u00fcklerin E\u015fitlenmesi Yasas\u0131nda da rol oynayabilir. Ele\u015ftirmenler, kayd\u0131n vatanda\u015flar\u0131n mahremiyetine b\u00fcy\u00fck \u00f6l\u00e7\u00fcde m\u00fcdahale etti\u011fini savunuyor.<\/p>\n\n<h3 class=\"wp-block-heading\">Dijital Merkez Bankas\u0131 Para Birimleri ve G\u00f6zetim Hakk\u0131nda Endi\u015feler<\/h3>\n\n<p>Daha \u00f6nce, nakit paran\u0131n kald\u0131r\u0131lmas\u0131 ve programlanabilir dijital merkez bankas\u0131 para birimleri arac\u0131l\u0131\u011f\u0131yla insanlar\u0131n izlenmesi ve kontrol edilmesi konusundaki endi\u015felerin yaln\u0131zca komplo teorileri oldu\u011funu d\u00fc\u015f\u00fcnenler, varl\u0131k kayd\u0131 fikriyle yan\u0131lm\u0131\u015f olabilirler. Politika genellikle k\u00fc\u00e7\u00fck ad\u0131mlarla ilerler: sonunda yaln\u0131zca su\u00e7lular veya varl\u0131klar\u0131 baz\u0131lar\u0131 taraf\u0131ndan yeniden da\u011f\u0131t\u0131lmak istenen zenginler de\u011fil, herkes etkilenebilir.<\/p>\n\n<h3 class=\"wp-block-heading\">AB Komisyonu Zarar\u0131 S\u0131n\u0131rlamaya \u00c7al\u0131\u015f\u0131yor<\/h3>\n\n<p>AB Komisyonu, b\u00fcy\u00fck ele\u015ftiriler kar\u015f\u0131s\u0131nda zarar\u0131 s\u0131n\u0131rlamaya \u00e7al\u0131\u015f\u0131yor. S\u00f6zc\u00fc Eric Mamer&#8217;in a\u00e7\u0131klamas\u0131na g\u00f6re, Komisyon \u015fu anda &#8220;AB vatanda\u015flar\u0131n\u0131n varl\u0131klar\u0131 hakk\u0131nda merkezi bir veritaban\u0131 olu\u015fturma niyetinde de\u011fil&#8221;. Ancak bu t\u00fcr g\u00fcvencelere \u015f\u00fcpheyle yakla\u015f\u0131lmal\u0131d\u0131r. \u00dcnl\u00fc \u015fu s\u00f6zleri hat\u0131rlay\u0131n: &#8220;Hi\u00e7 kimse duvar in\u015fa etme niyetinde de\u011fil.&#8221;<\/p>\n\n<h3 class=\"wp-block-heading\">Vatanda\u015flar Uyan\u0131k Olmal\u0131d\u0131r<\/h3>\n\n<p>Vatanda\u015flar uyan\u0131k olmal\u0131 ve AB&#8217;nin planlar\u0131n\u0131 ele\u015ftirel bir \u015fekilde incelemelidir. Bu, bireyin mahremiyetini ve \u00f6zg\u00fcrl\u00fc\u011f\u00fcn\u00fc korumakla ilgilidir. Varl\u0131k kayd\u0131n\u0131n olu\u015fturulmas\u0131yla birlikte, vatanda\u015flar\u0131n finansal verilerine yetkililer ve &#8220;me\u015fru menfaatleri&#8221; olan di\u011fer taraflar taraf\u0131ndan kolayca eri\u015filebilir hale gelebilir. Bu, gizlili\u011fe ciddi bir m\u00fcdahaleye ve verilerin potansiyel olarak k\u00f6t\u00fcye kullan\u0131lmas\u0131na yol a\u00e7abilir.<\/p>\n\n<h3 class=\"wp-block-heading\">Varl\u0131k Kayd\u0131n\u0131n Potansiyel Sonu\u00e7lar\u0131<\/h3>\n\n<p>Varl\u0131k kayd\u0131n\u0131n olu\u015fturulmas\u0131, \u00e7e\u015fitli potansiyel sonu\u00e7lara sahiptir. Birincisi, vatanda\u015flar\u0131 yetkililere kar\u015f\u0131 daha \u015feffaf hale getirebilir. Bu, 200.000 Euro&#8217;nun \u00fczerindeki t\u00fcm finansal i\u015flemlerin ve varl\u0131klar\u0131n yetkililer taraf\u0131ndan eri\u015filebilir olaca\u011f\u0131 anlam\u0131na gelir. Bunlar aras\u0131nda gayrimenkuller, banka hesaplar\u0131, menkul k\u0131ymetler, yabanc\u0131 varl\u0131klar, kripto varl\u0131klar, ara\u00e7lar, sanat eserleri ve k\u0131ymetli metaller yer alabilir.<\/p>\n\n<p>\u0130kincisi, kay\u0131t zenginli\u011fin yeniden da\u011f\u0131t\u0131lmas\u0131 ve servet vergisi gibi vergi art\u0131\u015flar\u0131 i\u00e7in kullan\u0131labilir. Bu, varl\u0131klar\u0131n ayr\u0131nt\u0131l\u0131 kaydedilmesi ve de\u011ferlendirilmesinin vatanda\u015flar i\u00e7in daha y\u00fcksek verg<\/p>","protected":false},"excerpt":{"rendered":"<p>AB, 2025&#8217;ten itibaren kapsaml\u0131 bir varl\u0131k kayd\u0131 planl\u0131yor: Vatanda\u015flar\u0131n gizlili\u011fine kitlesel m\u00fcdahaleler Avrupa Birli\u011fi, 2025 y\u0131l\u0131nda ba\u015flayabilecek bir varl\u0131k kayd\u0131 olu\u015fturmay\u0131 planl\u0131yor. Bu kay\u0131t resmi olarak kara para aklamay\u0131 ve&hellip;<\/p>\n","protected":false},"author":2,"featured_media":1565,"comment_status":"closed","ping_status":"","sticky":false,"template":"","format":"standard","meta":{"footnotes":""},"categories":[3],"tags":[],"class_list":["post-1564","post","type-post","status-publish","format-standard","has-post-thumbnail","hentry","category-news"],"_links":{"self":[{"href":"https:\/\/bitcoinnewscrypto.com\/tr\/wp-json\/wp\/v2\/posts\/1564","targetHints":{"allow":["GET"]}}],"collection":[{"href":"https:\/\/bitcoinnewscrypto.com\/tr\/wp-json\/wp\/v2\/posts"}],"about":[{"href":"https:\/\/bitcoinnewscrypto.com\/tr\/wp-json\/wp\/v2\/types\/post"}],"author":[{"embeddable":true,"href":"https:\/\/bitcoinnewscrypto.com\/tr\/wp-json\/wp\/v2\/users\/2"}],"replies":[{"embeddable":true,"href":"https:\/\/bitcoinnewscrypto.com\/tr\/wp-json\/wp\/v2\/comments?post=1564"}],"version-history":[{"count":1,"href":"https:\/\/bitcoinnewscrypto.com\/tr\/wp-json\/wp\/v2\/posts\/1564\/revisions"}],"predecessor-version":[{"id":1566,"href":"https:\/\/bitcoinnewscrypto.com\/tr\/wp-json\/wp\/v2\/posts\/1564\/revisions\/1566"}],"wp:featuredmedia":[{"embeddable":true,"href":"https:\/\/bitcoinnewscrypto.com\/tr\/wp-json\/wp\/v2\/media\/1565"}],"wp:attachment":[{"href":"https:\/\/bitcoinnewscrypto.com\/tr\/wp-json\/wp\/v2\/media?parent=1564"}],"wp:term":[{"taxonomy":"category","embeddable":true,"href":"https:\/\/bitcoinnewscrypto.com\/tr\/wp-json\/wp\/v2\/categories?post=1564"},{"taxonomy":"post_tag","embeddable":true,"href":"https:\/\/bitcoinnewscrypto.com\/tr\/wp-json\/wp\/v2\/tags?post=1564"}],"curies":[{"name":"wp","href":"https:\/\/api.w.org\/{rel}","templated":true}]}}