{"id":1564,"date":"2024-07-26T13:38:27","date_gmt":"2024-07-26T13:38:27","guid":{"rendered":"https:\/\/bitcoinnewscrypto.com\/pt\/?p=1564"},"modified":"2024-07-26T13:38:27","modified_gmt":"2024-07-26T13:38:27","slug":"eu-plans-comprehensive-asset-register-by-2025-privacy-concerns-rise","status":"publish","type":"post","link":"https:\/\/bitcoinnewscrypto.com\/pt\/news\/eu-plans-comprehensive-asset-register-by-2025-privacy-concerns-rise\/","title":{"rendered":"UE planeia criar um registo abrangente de ativos a partir de 2025: invas\u00f5es em massa \u00e0 privacidade dos cidad\u00e3os"},"content":{"rendered":"<h3 class=\"wp-block-heading\">UE planeia criar um registo abrangente de ativos a partir de 2025: invas\u00f5es em massa \u00e0 privacidade dos cidad\u00e3os<\/h3>\n\n<p>A Uni\u00e3o Europeia est\u00e1 a planear introduzir um registo de ativos que poder\u00e1 come\u00e7ar em 2025. Este registo destina-se oficialmente a combater o branqueamento de capitais e o financiamento do terrorismo. No entanto, os cr\u00edticos afirmam que poder\u00e1 levar a invas\u00f5es em massa \u00e0 privacidade dos cidad\u00e3os, tornando todos mais transparentes perante as autoridades.<\/p>\n\n<h3 class=\"wp-block-heading\">Um sistema abrangente de controlo e monitoriza\u00e7\u00e3o<\/h3>\n\n<p>Desde 2021, a UE tem vindo a trabalhar em planos para registar centralmente os ativos e os seus propriet\u00e1rios. Agora, parece que estes planos est\u00e3o mais perto de se tornarem realidade. A pretexto de combater o branqueamento de capitais e o financiamento do terrorismo, est\u00e1 a ser criado um sistema de controlo e monitoriza\u00e7\u00e3o sem precedentes. Este sistema tornar\u00e1 todas as transa\u00e7\u00f5es financeiras e ativos dos cidad\u00e3os acess\u00edveis \u00e0s autoridades.<\/p>\n\n<p>O registo registar\u00e1 todos os ativos acima de 200.000 euros. Estes incluem im\u00f3veis, contas banc\u00e1rias, t\u00edtulos, ativos estrangeiros, criptoativos, ve\u00edculos e, possivelmente, tamb\u00e9m obras de arte ou metais preciosos. Os cr\u00edticos temem que o limite de 200.000 euros possa ser reduzido para incluir ainda mais cidad\u00e3os e as suas informa\u00e7\u00f5es financeiras privadas.<\/p>\n\n<h3 class=\"wp-block-heading\">Acesso para as autoridades e &#8220;pessoas com interesses leg\u00edtimos&#8221;<\/h3>\n\n<p>N\u00e3o s\u00f3 as autoridades ter\u00e3o acesso ao registo de ativos, mas tamb\u00e9m &#8220;pessoas com interesses leg\u00edtimos&#8221;. Isto inclui jornalistas, rep\u00f3rteres, outros meios de comunica\u00e7\u00e3o, organiza\u00e7\u00f5es da sociedade civil e institui\u00e7\u00f5es de ensino superior. Os cr\u00edticos acreditam que esta \u00e9 uma invas\u00e3o significativa da privacidade dos cidad\u00e3os e que poder\u00e1 levar a utiliza\u00e7\u00f5es indevidas e fugas de dados.<\/p>\n\n<h3 class=\"wp-block-heading\">Outras medidas de monitoriza\u00e7\u00e3o<\/h3>\n\n<p>Al\u00e9m de limitar as transa\u00e7\u00f5es em numer\u00e1rio a 10.000 euros e do registo de ativos, a UE adotou mais medidas para combater o branqueamento de capitais e o financiamento do terrorismo. Uma delas \u00e9 a cria\u00e7\u00e3o de uma nova Autoridade Anti-Branqueamento de Capitais (AMLA). A AMLA ter\u00e1 sede em Frankfurt am Main e dever\u00e1 come\u00e7ar a funcionar em meados de 2025. Esta autoridade ter\u00e1 amplos poderes e ir\u00e1 monitorizar diretamente at\u00e9 40 institui\u00e7\u00f5es financeiras.<\/p>\n\n<h3 class=\"wp-block-heading\">Introdu\u00e7\u00e3o de um sistema centralizado de informa\u00e7\u00e3o<\/h3>\n\n<p>Para prevenir o branqueamento de capitais e o financiamento do terrorismo, cada Estado-Membro da UE deve criar uma unidade de intelig\u00eancia financeira (UIF). Estas unidades trocar\u00e3o informa\u00e7\u00f5es entre si e com as autoridades competentes, e cooperar\u00e3o com a Europol, Eurojust e o Minist\u00e9rio P\u00fablico Europeu. A AMLA ser\u00e1 respons\u00e1vel pela supervis\u00e3o e coordena\u00e7\u00e3o das UIF.<\/p>\n\n<h3 class=\"wp-block-heading\">Perigo de redistribui\u00e7\u00e3o da riqueza e expropria\u00e7\u00e3o<\/h3>\n\n<p>O registo de ativos permitir\u00e1 um registo e avalia\u00e7\u00e3o detalhados dos ativos, que poder\u00e3o ser usados para a redistribui\u00e7\u00e3o da riqueza e aumentos de impostos, tais como um imposto sobre a riqueza. Poder\u00e1 tamb\u00e9m desempenhar um papel na Lei de Equaliza\u00e7\u00e3o de Encargos, que visa garantir uma distribui\u00e7\u00e3o justa dos encargos financeiros ap\u00f3s grandes crises econ\u00f3micas. Os cr\u00edticos argumentam que o registo interfere maci\u00e7amente na privacidade dos cidad\u00e3os.<\/p>\n\n<h3 class=\"wp-block-heading\">Preocupa\u00e7\u00f5es sobre moedas digitais do banco central e vigil\u00e2ncia<\/h3>\n\n<p>Qualquer pessoa que antes pensasse que as preocupa\u00e7\u00f5es sobre a aboli\u00e7\u00e3o do dinheiro em numer\u00e1rio e a vigil\u00e2ncia e controlo das pessoas atrav\u00e9s de moedas digitais program\u00e1veis do banco central eram apenas teorias da conspira\u00e7\u00e3o poder\u00e3o estar erradas com a ideia do registo da riqueza. A pol\u00edtica geralmente avan\u00e7a em pequenos passos: eventualmente, todos poder\u00e3o ser afetados, n\u00e3o apenas os criminosos ou os ricos, cujos ativos alguns poder\u00e3o querer redistribuir.<\/p>\n\n<h3 class=\"wp-block-heading\">A Comiss\u00e3o Europeia tenta limitar os danos<\/h3>\n\n<p>Perante cr\u00edticas massivas, a Comiss\u00e3o Europeia est\u00e1 a tentar limitar os danos. De acordo com uma declara\u00e7\u00e3o do porta-voz Eric Mamer, a Comiss\u00e3o atualmente &#8220;n\u00e3o tem inten\u00e7\u00e3o de criar uma base de dados central sobre os ativos dos cidad\u00e3os da UE&#8221;. No entanto, tais garantias devem ser encaradas com alguma cautela. Lembrem-se das famosas palavras: &#8220;Ningu\u00e9m tem inten\u00e7\u00e3o de construir um muro&#8221;.<\/p>\n\n<h3 class=\"wp-block-heading\">Os cidad\u00e3os devem permanecer vigilantes<\/h3>\n\n<p>Os cidad\u00e3os devem permanecer vigilantes e examinar criticamente os planos da UE. Isto \u00e9 sobre a prote\u00e7\u00e3o da privacidade e da liberdade do indiv\u00edduo. Com a introdu\u00e7\u00e3o do registo de ativos, os dados financeiros dos cidad\u00e3os poder\u00e3o ser facilmente acedidos pelas autoridades e outras partes com &#8220;interesses leg\u00edtimos&#8221;. Isto poder\u00e1 levar a uma invas\u00e3o significativa da privacidade e a um potencial uso indevido dos dados.<\/p>\n\n<h3 class=\"wp-block-heading\">Potenciais implica\u00e7\u00f5es do registo de ativos<\/h3>\n\n<p>A introdu\u00e7\u00e3o do registo de ativos tem v\u00e1rias potenciais implica\u00e7\u00f5es. Primeiro, poder\u00e1 tornar os cidad\u00e3os mais transparentes perante as autoridades. Isto significa que todas as transa\u00e7\u00f5es financeiras e ativos acima de 200.000 euros ser\u00e3o acess\u00edveis \u00e0s autoridades. Isto poder\u00e1 incluir im\u00f3veis, contas banc\u00e1rias, t\u00edtulos, ativos estrangeiros, criptoativos, ve\u00edculos, obras de arte e metais preciosos.<\/p>\n\n<p>Segundo, o registo poder\u00e1 ser usado para a redistribui\u00e7\u00e3o da riqueza e aumentos de impostos, tais como um imposto sobre a riqueza. Isto significa que o registo e avalia\u00e7\u00e3o detalhados dos ativos poder\u00e3o levar a impostos mais altos para os cidad\u00e3os. Poder\u00e1 tamb\u00e9m ser relevante para a Lei de Equaliza\u00e7\u00e3o de Encargos, que visa garantir uma distribui\u00e7\u00e3o justa dos encargos financeiros ap\u00f3s grandes crises econ\u00f3micas.<\/p>\n\n<p>Terceiro, o registo poder\u00e1 levar a novas medidas de monitoriza\u00e7\u00e3o. Al\u00e9m de limitar as transa\u00e7\u00f5es em numer\u00e1rio a 10.000 euros, a UE adotou mais medidas para combater o branqueamento de capitais e o financiamento do terrorismo. Isto inclui a cria\u00e7\u00e3o da Autoridade Anti-Branqueamento de Capitais (AMLA) e unidades de intelig\u00eancia financeira (UIF) em cada Estado-Membro. A AMLA ter\u00e1 amplos poderes e ir\u00e1 monitorizar diretamente at\u00e9 40 institui\u00e7\u00f5es financeiras.<\/p>\n\n<h3 class=\"wp-block-heading\">Riscos para a privacidade e preocupa\u00e7\u00f5es sobre seguran\u00e7a de dados<\/h3>\n\n<p>Uma das maiores preocupa\u00e7\u00f5es sobre o registo de ativos \u00e9 a potencial invas\u00e3o da privacidade dos cidad\u00e3os. Os cr\u00edticos argumentam que tornar as transa\u00e7\u00f5es financeiras e ativos acess\u00edveis \u00e0s autoridades e outras partes com &#8220;interesses leg\u00edtimos&#8221; poder\u00e1 levar a utiliza\u00e7\u00f5es indevidas e fugas de dados. Isto poder\u00e1 resultar em invas\u00f5es significativas da privacidade e potenciais danos aos cidad\u00e3os.<\/p>\n\n<p>Outra preocupa\u00e7\u00e3o \u00e9 a seguran\u00e7a dos dados. Dado que o registo de ativos cont\u00e9m informa\u00e7\u00f5es financeiras sens\u00edveis, existe um risco de viola\u00e7\u00f5es de dados e ataques cibern\u00e9ticos. Isto poder\u00e1 levar \u00e0 exposi\u00e7\u00e3o dos dados financeiros dos cidad\u00e3os, causando danos e perdas financeiras.<\/p>\n\n<h3 class=\"wp-block-heading\">Impacto nas institui\u00e7\u00f5es financeiras e mercados<\/h3>\n\n<p>A introdu\u00e7\u00e3o do registo de ativos poder\u00e1 tamb\u00e9m ter impacto nas institui\u00e7\u00f5es financeiras e mercados. As institui\u00e7\u00f5es financeiras estar\u00e3o sujeitas a um maior controlo e monitoriza\u00e7\u00e3o, o que poder\u00e1 levar a custos de conformidade mais elevados. Isto poder\u00e1 tamb\u00e9m afetar as suas opera\u00e7\u00f5es e rentabilidade.<\/p>\n\n<p>Al\u00e9m disso, o registo de ativos poder\u00e1 impactar os mercados financeiros. O registo e avalia\u00e7\u00e3o detalhados dos ativos poder\u00e3o levar a altera\u00e7\u00f5es nos pre\u00e7os dos ativos e no comportamento do mercado. Isto poder\u00e1 afetar os investidores e os participantes do mercado.<\/p>\n\n<h3 class=\"wp-block-heading\">Cr\u00edticas e oposi\u00e7\u00e3o ao registo de ativos<\/h3>\n\n<p>O registo de ativos tem gerado cr\u00edticas e oposi\u00e7\u00e3o significativas. Os cr\u00edticos argumentam que \u00e9 uma invas\u00e3o da privacidade e que poder\u00e1 levar a utiliza\u00e7\u00e3o indevida de dados. Argumentam tamb\u00e9m que o registo poder\u00e1 ser usado para a redistribui\u00e7\u00e3o da riqueza e aumentos de impostos, o que poder\u00e1 prejudicar os cidad\u00e3os financeiramente.<\/p>\n\n<p>Os oponentes do registo de ativos argumentam tamb\u00e9m que \u00e9 desnecess\u00e1rio e que poder\u00e1 ser substitu\u00eddo por outras medidas para combater o branqueamento de capitais<\/p>","protected":false},"excerpt":{"rendered":"<p>UE planeia criar um registo abrangente de ativos a partir de 2025: invas\u00f5es em massa \u00e0 privacidade dos cidad\u00e3os A Uni\u00e3o Europeia est\u00e1 a planear introduzir um registo de ativos&hellip;<\/p>\n","protected":false},"author":2,"featured_media":1565,"comment_status":"closed","ping_status":"","sticky":false,"template":"","format":"standard","meta":{"footnotes":""},"categories":[3],"tags":[],"class_list":["post-1564","post","type-post","status-publish","format-standard","has-post-thumbnail","hentry","category-news"],"_links":{"self":[{"href":"https:\/\/bitcoinnewscrypto.com\/pt\/wp-json\/wp\/v2\/posts\/1564","targetHints":{"allow":["GET"]}}],"collection":[{"href":"https:\/\/bitcoinnewscrypto.com\/pt\/wp-json\/wp\/v2\/posts"}],"about":[{"href":"https:\/\/bitcoinnewscrypto.com\/pt\/wp-json\/wp\/v2\/types\/post"}],"author":[{"embeddable":true,"href":"https:\/\/bitcoinnewscrypto.com\/pt\/wp-json\/wp\/v2\/users\/2"}],"replies":[{"embeddable":true,"href":"https:\/\/bitcoinnewscrypto.com\/pt\/wp-json\/wp\/v2\/comments?post=1564"}],"version-history":[{"count":1,"href":"https:\/\/bitcoinnewscrypto.com\/pt\/wp-json\/wp\/v2\/posts\/1564\/revisions"}],"predecessor-version":[{"id":1566,"href":"https:\/\/bitcoinnewscrypto.com\/pt\/wp-json\/wp\/v2\/posts\/1564\/revisions\/1566"}],"wp:featuredmedia":[{"embeddable":true,"href":"https:\/\/bitcoinnewscrypto.com\/pt\/wp-json\/wp\/v2\/media\/1565"}],"wp:attachment":[{"href":"https:\/\/bitcoinnewscrypto.com\/pt\/wp-json\/wp\/v2\/media?parent=1564"}],"wp:term":[{"taxonomy":"category","embeddable":true,"href":"https:\/\/bitcoinnewscrypto.com\/pt\/wp-json\/wp\/v2\/categories?post=1564"},{"taxonomy":"post_tag","embeddable":true,"href":"https:\/\/bitcoinnewscrypto.com\/pt\/wp-json\/wp\/v2\/tags?post=1564"}],"curies":[{"name":"wp","href":"https:\/\/api.w.org\/{rel}","templated":true}]}}