{"id":1564,"date":"2024-07-26T13:38:27","date_gmt":"2024-07-26T13:38:27","guid":{"rendered":"https:\/\/bitcoinnewscrypto.com\/pl\/?p=1564"},"modified":"2024-07-26T13:38:27","modified_gmt":"2024-07-26T13:38:27","slug":"eu-plans-comprehensive-asset-register-by-2025-privacy-concerns-rise","status":"publish","type":"post","link":"https:\/\/bitcoinnewscrypto.com\/pl\/news\/eu-plans-comprehensive-asset-register-by-2025-privacy-concerns-rise\/","title":{"rendered":"UE planuje wprowadzi\u0107 rejestr maj\u0105tk\u00f3w od 2025 roku: zagro\u017cenie dla prywatno\u015bci obywateli"},"content":{"rendered":"<p>UE planuje wprowadzenie od 2025 r. rejestru aktyw\u00f3w. Rejestr ten oficjalnie ma s\u0142u\u017cy\u0107 zwalczaniu prania pieni\u0119dzy i finansowania terroryzmu. Jednak krytycy twierdz\u0105, \u017ce mo\u017ce on doprowadzi\u0107 do masowej ingerencji w prywatno\u015b\u0107 obywateli, przez co ka\u017cdy stanie si\u0119 bardziej transparentny dla w\u0142adz.<\/p>\n\n<h3 class=\"wp-block-heading\">Kompleksowy system kontroli i monitorowania<\/h3>\n\n<p>Od 2021 r. UE pracuje nad planami centralnego rejestrowania aktyw\u00f3w i ich w\u0142a\u015bcicieli. Teraz wydaje si\u0119, \u017ce plany te s\u0105 bliskie realizacji. Pod pretekstem walki z praniem pieni\u0119dzy i finansowaniem terroryzmu powstaje system kontroli i monitorowania, kt\u00f3ry nie ma sobie r\u00f3wnych. System ten udost\u0119pni w\u0142adzom wszystkie transakcje finansowe i aktywa obywateli.<\/p>\n\n<p>Rejestr b\u0119dzie obejmowa\u0142 wszystkie aktywa o warto\u015bci powy\u017cej 200 000 euro. Obejmuje to nieruchomo\u015bci, konta bankowe, papiery warto\u015bciowe, aktywa zagraniczne, aktywa kryptograficzne, pojazdy, a tak\u017ce dzie\u0142a sztuki lub metale szlachetne. Krytycy obawiaj\u0105 si\u0119, \u017ce limit 200 000 euro m\u00f3g\u0142by zosta\u0107 obni\u017cony, aby obj\u0105\u0107 jeszcze wi\u0119ksz\u0105 liczb\u0119 obywateli i ich prywatnych informacji finansowych.<\/p>\n\n<h3 class=\"wp-block-heading\">Dost\u0119p dla w\u0142adz i \u201eos\u00f3b o uzasadnionym interesie\u201d<\/h3>\n\n<p>Nie tylko w\u0142adze b\u0119d\u0105 mia\u0142y dost\u0119p do rejestru aktyw\u00f3w, ale tak\u017ce \u201eosoby o uzasadnionym interesie\u201d. Obejmuje to dziennikarzy, reporter\u00f3w, inne media, organizacje spo\u0142ecze\u0144stwa obywatelskiego i szko\u0142y wy\u017csze. Krytycy uwa\u017caj\u0105, \u017ce jest to powa\u017cna ingerencja w prywatno\u015b\u0107 obywateli i mo\u017ce prowadzi\u0107 do nadu\u017cy\u0107 i wyciek\u00f3w danych.<\/p>\n\n<h3 class=\"wp-block-heading\">Dalsze \u015brodki nadzoru<\/h3>\n\n<p>Opr\u00f3cz ograniczenia transakcji got\u00f3wkowych do 10 000 euro i rejestru aktyw\u00f3w, UE przyj\u0119\u0142a wi\u0119cej \u015brodk\u00f3w w celu zwalczania prania pieni\u0119dzy i finansowania terroryzmu. Jednym z nich jest utworzenie nowego Urz\u0119du ds. Zwalczania Prania Pieni\u0119dzy (AMLA). Siedziba AMLA b\u0119dzie mie\u015bci\u0107 si\u0119 we Frankfurcie nad Menem, a rozpocz\u0119cie dzia\u0142alno\u015bci planowane jest na po\u0142ow\u0119 2025 r. Urz\u0105d ten b\u0119dzie mia\u0142 szerokie uprawnienia i b\u0119dzie bezpo\u015brednio nadzorowa\u0142 do 40 instytucji finansowych.<\/p>\n\n<h3 class=\"wp-block-heading\">Wprowadzenie centralnego systemu raportowania<\/h3>\n\n<p>Aby zapobiec praniu pieni\u0119dzy i finansowaniu terroryzmu, ka\u017cde pa\u0144stwo cz\u0142onkowskie UE powinno utworzy\u0107 jednostk\u0119 informacji finansowej (FIU). Jednostki te b\u0119d\u0105 wymienia\u0107 si\u0119 informacjami mi\u0119dzy sob\u0105 oraz ze w\u0142a\u015bciwymi organami, a tak\u017ce wsp\u00f3\u0142pracowa\u0107 z Europolem, Eurojustem i Europejsk\u0105 Prokuratur\u0105. AMLA b\u0119dzie odpowiedzialna za nadzorowanie i koordynowanie FIU.<\/p>\n\n<h3 class=\"wp-block-heading\">Niebezpiecze\u0144stwo redystrybucji maj\u0105tku i wyw\u0142aszczenia<\/h3>\n\n<p>Rejestr aktyw\u00f3w umo\u017cliwi szczeg\u00f3\u0142owe rejestrowanie i wycen\u0119 aktyw\u00f3w, kt\u00f3re mog\u0105 by\u0107 wykorzystane do redystrybucji maj\u0105tku i podwy\u017cek podatk\u00f3w, takich jak podatek maj\u0105tkowy. Mo\u017ce r\u00f3wnie\u017c odegra\u0107 rol\u0119 w ustawie o wyr\u00f3wnaniu obci\u0105\u017ce\u0144, kt\u00f3rej celem jest zapewnienie sprawiedliwego podzia\u0142u obci\u0105\u017ce\u0144 finansowych po powa\u017cnych kryzysach gospodarczych. Krytycy twierdz\u0105, \u017ce rejestr znacz\u0105co narusza prywatno\u015b\u0107 obywateli.<\/p>\n\n<h3 class=\"wp-block-heading\">Obawy dotycz\u0105ce cyfrowych walut bank\u00f3w centralnych i nadzoru<\/h3>\n\n<p>Ka\u017cdy, kto wcze\u015bniej uwa\u017ca\u0142, \u017ce obawy dotycz\u0105ce zniesienia got\u00f3wki oraz nadzoru i kontroli ludzi za po\u015brednictwem programowalnych cyfrowych walut bank\u00f3w centralnych to tylko teorie spiskowe, mo\u017ce zosta\u0107 wyprowadzony z b\u0142\u0119du przez pomys\u0142 rejestru maj\u0105tku. Polityka cz\u0119sto post\u0119puje ma\u0142ymi krokami: ostatecznie wszyscy mog\u0105 zosta\u0107 dotkni\u0119ci, nie tylko przest\u0119pcy lub zamo\u017cni, kt\u00f3rych maj\u0105tek niekt\u00f3rzy by\u0107 mo\u017ce zechc\u0105 redystrybuowa\u0107.<\/p>\n\n<h3 class=\"wp-block-heading\">Komisja Europejska stara si\u0119 ograniczy\u0107 szkody<\/h3>\n\n<p>W obliczu masowej krytyki Komisja Europejska stara si\u0119 ograniczy\u0107 szkody. Jak wynika z o\u015bwiadczenia rzecznika Erika Mamera, Komisja obecnie \u201enie ma zamiaru tworzenia centralnej bazy danych dotycz\u0105cej maj\u0105tku obywateli UE\u201d. Jednak takie zapewnienia nale\u017cy traktowa\u0107 z dystansem. Pami\u0119tajcie s\u0142ynne s\u0142owa: \u201eNikt nie ma zamiaru budowa\u0107 muru\u201d.<\/p>\n\n<h3 class=\"wp-block-heading\">Obywatele powinni zachowa\u0107 czujno\u015b\u0107<\/h3>\n\n<p>Obywatele powinni zachowa\u0107 czujno\u015b\u0107 i krytycznie przyjrze\u0107 si\u0119 planom UE. Chodzi o ochron\u0119 prywatno\u015bci i wolno\u015bci jednostki. Wraz z wprowadzeniem rejestru aktyw\u00f3w dane finansowe obywateli b\u0119d\u0105 \u0142atwo dost\u0119pne dla w\u0142adz i innych stron \u201eo uzasadnionych interesach\u201d. Mo\u017ce to prowadzi\u0107 do znacznej ingerencji w prywatno\u015b\u0107 i potencjalnego niew\u0142a\u015bciwego wykorzystania danych.<\/p>\n\n<h3 class=\"wp-block-heading\">Potencjalne skutki rejestru aktyw\u00f3w<\/h3>\n\n<p>Wprowadzenie rejestru aktyw\u00f3w ma kilka potencjalnych skutk\u00f3w. Po pierwsze, mo\u017ce sprawi\u0107, \u017ce obywatele stan\u0105 si\u0119 bardziej transparentni dla w\u0142adz. Oznacza to, \u017ce wszystkie transakcje finansowe i aktywa powy\u017cej 200 000 euro b\u0119d\u0105 dost\u0119pne dla w\u0142adz. Mo\u017ce to obejmowa\u0107 nieruchomo\u015bci, konta bankowe, papiery warto\u015bciowe, aktywa zagraniczne, aktywa kryptograficzne, pojazdy, dzie\u0142a sztuki i metale szlachetne.<\/p>","protected":false},"excerpt":{"rendered":"<p>UE planuje wprowadzenie od 2025 r. rejestru aktyw\u00f3w. Rejestr ten oficjalnie ma s\u0142u\u017cy\u0107 zwalczaniu prania pieni\u0119dzy i finansowania terroryzmu. Jednak krytycy twierdz\u0105, \u017ce mo\u017ce on doprowadzi\u0107 do masowej ingerencji w&hellip;<\/p>\n","protected":false},"author":2,"featured_media":1565,"comment_status":"closed","ping_status":"","sticky":false,"template":"","format":"standard","meta":{"footnotes":""},"categories":[3],"tags":[],"class_list":["post-1564","post","type-post","status-publish","format-standard","has-post-thumbnail","hentry","category-news"],"_links":{"self":[{"href":"https:\/\/bitcoinnewscrypto.com\/pl\/wp-json\/wp\/v2\/posts\/1564","targetHints":{"allow":["GET"]}}],"collection":[{"href":"https:\/\/bitcoinnewscrypto.com\/pl\/wp-json\/wp\/v2\/posts"}],"about":[{"href":"https:\/\/bitcoinnewscrypto.com\/pl\/wp-json\/wp\/v2\/types\/post"}],"author":[{"embeddable":true,"href":"https:\/\/bitcoinnewscrypto.com\/pl\/wp-json\/wp\/v2\/users\/2"}],"replies":[{"embeddable":true,"href":"https:\/\/bitcoinnewscrypto.com\/pl\/wp-json\/wp\/v2\/comments?post=1564"}],"version-history":[{"count":1,"href":"https:\/\/bitcoinnewscrypto.com\/pl\/wp-json\/wp\/v2\/posts\/1564\/revisions"}],"predecessor-version":[{"id":1566,"href":"https:\/\/bitcoinnewscrypto.com\/pl\/wp-json\/wp\/v2\/posts\/1564\/revisions\/1566"}],"wp:featuredmedia":[{"embeddable":true,"href":"https:\/\/bitcoinnewscrypto.com\/pl\/wp-json\/wp\/v2\/media\/1565"}],"wp:attachment":[{"href":"https:\/\/bitcoinnewscrypto.com\/pl\/wp-json\/wp\/v2\/media?parent=1564"}],"wp:term":[{"taxonomy":"category","embeddable":true,"href":"https:\/\/bitcoinnewscrypto.com\/pl\/wp-json\/wp\/v2\/categories?post=1564"},{"taxonomy":"post_tag","embeddable":true,"href":"https:\/\/bitcoinnewscrypto.com\/pl\/wp-json\/wp\/v2\/tags?post=1564"}],"curies":[{"name":"wp","href":"https:\/\/api.w.org\/{rel}","templated":true}]}}